{"id":790,"date":"2018-06-24T02:56:05","date_gmt":"2018-06-24T00:56:05","guid":{"rendered":"https:\/\/www.klan-d.net\/?p=790"},"modified":"2018-06-24T02:56:05","modified_gmt":"2018-06-24T00:56:05","slug":"retour-du-mac-baret-show-le-28-juin","status":"publish","type":"post","link":"https:\/\/www.klan-d.net\/?p=790","title":{"rendered":"Retour du Mac Baret Show le 28 juin !"},"content":{"rendered":"<p>Eh yo !<\/p>\n<p>Bon, c&rsquo;est vrai, je me suis pas mal branl\u00e9 la nouille, pas mal de trucs \u00e0 g\u00e9rer, bref, j&rsquo;ai rien foutu depuis des mois.<\/p>\n<p>Jeudi 28 Juin, je reprends du service ! Dans un premier lieu, pour ce <strong>Mac Baret Show<\/strong>, une nouvelle t\u00eate m&rsquo;\u00e9paulera, mon bon vieux bro <em>Alex<\/em>. Ce sera ses d\u00e9buts derri\u00e8re un mic, soyez cools.<\/p>\n<p>Normalement on restera sur la formule classique du live Facebook + diffusion audio sur ce site.<\/p>\n<p>J&rsquo;ai d\u00e9gott\u00e9 pas mal de vieux sons propres, <em>Alex<\/em> passera quelques tracks de son cru (il est plut\u00f4t reggae mais hey, le rap et le reggae, ce sont des cousins).<\/p>\n<p>&nbsp;<\/p>\n<p>Eeeeet normalement, \u00e0 confirmer, le 5 juillet <em>Junior<\/em> reprendra sa place \u00e0 mes c\u00f4t\u00e9s pour tailler mes choix musicaux du si\u00e8cle dernier. Je ne sais pas trop comment on va goupiller la prog des \u00e9missions pendant les vacances (je sais d\u00e9j\u00e0 que<em> Snatch<\/em> ne reprendra qu&rsquo;en Septembre apr\u00e8s sa derni\u00e8re d\u00e9but juillet, mais avec deux \u00e9missions distinctes), le <strong>Ronsha Mix<\/strong> du lundi sera diffus\u00e9 tout l&rsquo;\u00e9t\u00e9, et on fera surement quelques rediffs d&rsquo;\u00e9missions marquantes de ces deux ann\u00e9es cland\u00e9es, comme par exemple le <strong>Ah Oui Show<\/strong>.<\/p>\n<p>Vous pouvez retrouver tous les anciens <strong>Mac Baret Show<\/strong> sur notre site, <u><span style=\"color: #0000ff;\"><a style=\"color: #0000ff;\" href=\"https:\/\/www.klan-d.net\/?page_id=81\">sur cette page.<\/a> <\/span><\/u>H\u00e9sitez pas \u00e0 check aussi <u><span style=\"color: #0000ff;\"><a style=\"color: #0000ff;\" href=\"https:\/\/www.mixcloud.com\/bobmacbaret2\/\">mon Mixcloud<\/a><\/span><\/u>, j&rsquo;ai post\u00e9 d&rsquo;autres trucs par le pass\u00e9 qui \u00e9taient pas forc\u00e9ment d\u00e9gueu.<\/p>\n<p>Merci de votre soutien apr\u00e8s tout ce temps, et surtout, restez Kland\u00e9s !<\/p>\n<p>Si vous pouvez, faites tourner l&rsquo;adresse du site \u00e0 vos potos, ainsi qu&rsquo;invitez les \u00e0 like la page. Plus on est de cland\u00e9s, plus on est bourr\u00e9s !<\/p>\n<p>&nbsp;<\/p>\n<p>Mac B<\/p>\n","protected":false},"excerpt":{"rendered":"<p>Le 28 Juin, on va faire p\u00e9ter de la Old School, et niquer des m\u00e8res. <\/p>\n","protected":false},"author":1,"featured_media":243,"comment_status":"open","ping_status":"open","sticky":false,"template":"","format":"standard","meta":{"footnotes":""},"categories":[5,6],"tags":[],"class_list":["post-790","post","type-post","status-publish","format-standard","has-post-thumbnail","hentry","category-emissions","category-macbaretshow"],"yoast_head":"<!-- This site is optimized with the Yoast SEO plugin v27.4 - https:\/\/yoast.com\/product\/yoast-seo-wordpress\/ -->\n<title>Retour du Mac Baret Show le 28 juin ! &#8226; Radio Klan-D<\/title>\n<meta name=\"description\" content=\"Long Story Short ? Le Mac Baret Show reprend en mode deter le 28 juin ! Old school, vannes de merde, on reprend la bonne formule !\" \/>\n<meta name=\"robots\" content=\"index, follow, max-snippet:-1, max-image-preview:large, max-video-preview:-1\" \/>\n<link rel=\"canonical\" href=\"https:\/\/www.klan-d.net\/?p=790\" \/>\n<meta property=\"og:locale\" content=\"fr_FR\" \/>\n<meta property=\"og:type\" content=\"article\" \/>\n<meta property=\"og:title\" content=\"Retour du Mac Baret Show le 28 juin ! &#8226; Radio Klan-D\" \/>\n<meta property=\"og:description\" content=\"Long Story Short ? Le Mac Baret Show reprend en mode deter le 28 juin ! Old school, vannes de merde, on reprend la bonne formule !\" \/>\n<meta property=\"og:url\" content=\"https:\/\/www.klan-d.net\/?p=790\" \/>\n<meta property=\"og:site_name\" content=\"Radio Klan-D\" \/>\n<meta property=\"article:publisher\" content=\"https:\/\/www.facebook.com\/radioclandestine\/\" \/>\n<meta property=\"article:author\" content=\"https:\/\/www.facebook.com\/bob.macbaret\" \/>\n<meta property=\"article:published_time\" content=\"2018-06-24T00:56:05+00:00\" \/>\n<meta property=\"og:image\" content=\"https:\/\/www.klan-d.net\/wp-content\/uploads\/new-new-new-logo.png\" \/>\n\t<meta property=\"og:image:width\" content=\"960\" \/>\n\t<meta property=\"og:image:height\" content=\"540\" \/>\n\t<meta property=\"og:image:type\" content=\"image\/png\" \/>\n<meta name=\"author\" content=\"Mac Baret\" \/>\n<meta name=\"twitter:card\" content=\"summary_large_image\" \/>\n<meta name=\"twitter:creator\" content=\"@RadioKlanD\" \/>\n<meta name=\"twitter:site\" content=\"@RadioKlanD\" \/>\n<meta name=\"twitter:label1\" content=\"\u00c9crit par\" \/>\n\t<meta name=\"twitter:data1\" content=\"Mac Baret\" \/>\n\t<meta name=\"twitter:label2\" content=\"Dur\u00e9e de lecture estim\u00e9e\" \/>\n\t<meta name=\"twitter:data2\" content=\"1 minute\" \/>\n<script type=\"application\/ld+json\" class=\"yoast-schema-graph\">{\"@context\":\"https:\\\/\\\/schema.org\",\"@graph\":[{\"@type\":\"Article\",\"@id\":\"https:\\\/\\\/www.klan-d.net\\\/?p=790#article\",\"isPartOf\":{\"@id\":\"https:\\\/\\\/www.klan-d.net\\\/?p=790\"},\"author\":{\"name\":\"Mac Baret\",\"@id\":\"https:\\\/\\\/www.klan-d.net\\\/#\\\/schema\\\/person\\\/ec336646ad6eca0b5f6bae6e85a97fd0\"},\"headline\":\"Retour du Mac Baret Show le 28 juin !\",\"datePublished\":\"2018-06-24T00:56:05+00:00\",\"mainEntityOfPage\":{\"@id\":\"https:\\\/\\\/www.klan-d.net\\\/?p=790\"},\"wordCount\":300,\"commentCount\":0,\"publisher\":{\"@id\":\"https:\\\/\\\/www.klan-d.net\\\/#organization\"},\"image\":{\"@id\":\"https:\\\/\\\/www.klan-d.net\\\/?p=790#primaryimage\"},\"thumbnailUrl\":\"https:\\\/\\\/www.klan-d.net\\\/wp-content\\\/uploads\\\/new-new-new-logo.png\",\"articleSection\":[\"Emissions\",\"Le Mac Baret Show\"],\"inLanguage\":\"fr-FR\",\"potentialAction\":[{\"@type\":\"CommentAction\",\"name\":\"Comment\",\"target\":[\"https:\\\/\\\/www.klan-d.net\\\/?p=790#respond\"]}]},{\"@type\":\"WebPage\",\"@id\":\"https:\\\/\\\/www.klan-d.net\\\/?p=790\",\"url\":\"https:\\\/\\\/www.klan-d.net\\\/?p=790\",\"name\":\"Retour du Mac Baret Show le 28 juin ! &#8226; Radio Klan-D\",\"isPartOf\":{\"@id\":\"https:\\\/\\\/www.klan-d.net\\\/#website\"},\"primaryImageOfPage\":{\"@id\":\"https:\\\/\\\/www.klan-d.net\\\/?p=790#primaryimage\"},\"image\":{\"@id\":\"https:\\\/\\\/www.klan-d.net\\\/?p=790#primaryimage\"},\"thumbnailUrl\":\"https:\\\/\\\/www.klan-d.net\\\/wp-content\\\/uploads\\\/new-new-new-logo.png\",\"datePublished\":\"2018-06-24T00:56:05+00:00\",\"description\":\"Long Story Short ? Le Mac Baret Show reprend en mode deter le 28 juin ! Old school, vannes de merde, on reprend la bonne formule !\",\"breadcrumb\":{\"@id\":\"https:\\\/\\\/www.klan-d.net\\\/?p=790#breadcrumb\"},\"inLanguage\":\"fr-FR\",\"potentialAction\":[{\"@type\":\"ReadAction\",\"target\":[\"https:\\\/\\\/www.klan-d.net\\\/?p=790\"]}]},{\"@type\":\"ImageObject\",\"inLanguage\":\"fr-FR\",\"@id\":\"https:\\\/\\\/www.klan-d.net\\\/?p=790#primaryimage\",\"url\":\"https:\\\/\\\/www.klan-d.net\\\/wp-content\\\/uploads\\\/new-new-new-logo.png\",\"contentUrl\":\"https:\\\/\\\/www.klan-d.net\\\/wp-content\\\/uploads\\\/new-new-new-logo.png\",\"width\":960,\"height\":540,\"caption\":\"Mac Baret Show\"},{\"@type\":\"BreadcrumbList\",\"@id\":\"https:\\\/\\\/www.klan-d.net\\\/?p=790#breadcrumb\",\"itemListElement\":[{\"@type\":\"ListItem\",\"position\":1,\"name\":\"Accueil\",\"item\":\"https:\\\/\\\/www.klan-d.net\\\/\"},{\"@type\":\"ListItem\",\"position\":2,\"name\":\"Retour du Mac Baret Show le 28 juin !\"}]},{\"@type\":\"WebSite\",\"@id\":\"https:\\\/\\\/www.klan-d.net\\\/#website\",\"url\":\"https:\\\/\\\/www.klan-d.net\\\/\",\"name\":\"Radio Klan-D\",\"description\":\"Webradio clandestine et ind\u00e9, partout, du old school hip hop, du boom bap et des vannes pourries !\",\"publisher\":{\"@id\":\"https:\\\/\\\/www.klan-d.net\\\/#organization\"},\"potentialAction\":[{\"@type\":\"SearchAction\",\"target\":{\"@type\":\"EntryPoint\",\"urlTemplate\":\"https:\\\/\\\/www.klan-d.net\\\/?s={search_term_string}\"},\"query-input\":{\"@type\":\"PropertyValueSpecification\",\"valueRequired\":true,\"valueName\":\"search_term_string\"}}],\"inLanguage\":\"fr-FR\"},{\"@type\":\"Organization\",\"@id\":\"https:\\\/\\\/www.klan-d.net\\\/#organization\",\"name\":\"Radio Klan-D\",\"url\":\"https:\\\/\\\/www.klan-d.net\\\/\",\"logo\":{\"@type\":\"ImageObject\",\"inLanguage\":\"fr-FR\",\"@id\":\"https:\\\/\\\/www.klan-d.net\\\/#\\\/schema\\\/logo\\\/image\\\/\",\"url\":\"https:\\\/\\\/www.klan-d.net\\\/wp-content\\\/uploads\\\/cropped-kland4.jpg\",\"contentUrl\":\"https:\\\/\\\/www.klan-d.net\\\/wp-content\\\/uploads\\\/cropped-kland4.jpg\",\"width\":512,\"height\":512,\"caption\":\"Radio Klan-D\"},\"image\":{\"@id\":\"https:\\\/\\\/www.klan-d.net\\\/#\\\/schema\\\/logo\\\/image\\\/\"},\"sameAs\":[\"https:\\\/\\\/www.facebook.com\\\/radioclandestine\\\/\",\"https:\\\/\\\/x.com\\\/RadioKlanD\",\"https:\\\/\\\/www.youtube.com\\\/channel\\\/UC2QoBtfYHnl9oWoPlvmaAEg\"]},{\"@type\":\"Person\",\"@id\":\"https:\\\/\\\/www.klan-d.net\\\/#\\\/schema\\\/person\\\/ec336646ad6eca0b5f6bae6e85a97fd0\",\"name\":\"Mac Baret\",\"image\":{\"@type\":\"ImageObject\",\"inLanguage\":\"fr-FR\",\"@id\":\"https:\\\/\\\/secure.gravatar.com\\\/avatar\\\/40f4aaf159e3ea5f157570b02f9bd61829178716bbbda44bf474d6db4d51d81d?s=96&d=retro&r=x\",\"url\":\"https:\\\/\\\/secure.gravatar.com\\\/avatar\\\/40f4aaf159e3ea5f157570b02f9bd61829178716bbbda44bf474d6db4d51d81d?s=96&d=retro&r=x\",\"contentUrl\":\"https:\\\/\\\/secure.gravatar.com\\\/avatar\\\/40f4aaf159e3ea5f157570b02f9bd61829178716bbbda44bf474d6db4d51d81d?s=96&d=retro&r=x\",\"caption\":\"Mac Baret\"},\"sameAs\":[\"https:\\\/\\\/www.klan-d.net\",\"https:\\\/\\\/www.facebook.com\\\/bob.macbaret\"],\"url\":\"https:\\\/\\\/www.klan-d.net\\\/?author=1\"}]}<\/script>\n<!-- \/ Yoast SEO plugin. -->","yoast_head_json":{"title":"Retour du Mac Baret Show le 28 juin ! &#8226; Radio Klan-D","description":"Long Story Short ? Le Mac Baret Show reprend en mode deter le 28 juin ! Old school, vannes de merde, on reprend la bonne formule !","robots":{"index":"index","follow":"follow","max-snippet":"max-snippet:-1","max-image-preview":"max-image-preview:large","max-video-preview":"max-video-preview:-1"},"canonical":"https:\/\/www.klan-d.net\/?p=790","og_locale":"fr_FR","og_type":"article","og_title":"Retour du Mac Baret Show le 28 juin ! &#8226; Radio Klan-D","og_description":"Long Story Short ? Le Mac Baret Show reprend en mode deter le 28 juin ! Old school, vannes de merde, on reprend la bonne formule !","og_url":"https:\/\/www.klan-d.net\/?p=790","og_site_name":"Radio Klan-D","article_publisher":"https:\/\/www.facebook.com\/radioclandestine\/","article_author":"https:\/\/www.facebook.com\/bob.macbaret","article_published_time":"2018-06-24T00:56:05+00:00","og_image":[{"width":960,"height":540,"url":"https:\/\/www.klan-d.net\/wp-content\/uploads\/new-new-new-logo.png","type":"image\/png"}],"author":"Mac Baret","twitter_card":"summary_large_image","twitter_creator":"@RadioKlanD","twitter_site":"@RadioKlanD","twitter_misc":{"\u00c9crit par":"Mac Baret","Dur\u00e9e de lecture estim\u00e9e":"1 minute"},"schema":{"@context":"https:\/\/schema.org","@graph":[{"@type":"Article","@id":"https:\/\/www.klan-d.net\/?p=790#article","isPartOf":{"@id":"https:\/\/www.klan-d.net\/?p=790"},"author":{"name":"Mac Baret","@id":"https:\/\/www.klan-d.net\/#\/schema\/person\/ec336646ad6eca0b5f6bae6e85a97fd0"},"headline":"Retour du Mac Baret Show le 28 juin !","datePublished":"2018-06-24T00:56:05+00:00","mainEntityOfPage":{"@id":"https:\/\/www.klan-d.net\/?p=790"},"wordCount":300,"commentCount":0,"publisher":{"@id":"https:\/\/www.klan-d.net\/#organization"},"image":{"@id":"https:\/\/www.klan-d.net\/?p=790#primaryimage"},"thumbnailUrl":"https:\/\/www.klan-d.net\/wp-content\/uploads\/new-new-new-logo.png","articleSection":["Emissions","Le Mac Baret Show"],"inLanguage":"fr-FR","potentialAction":[{"@type":"CommentAction","name":"Comment","target":["https:\/\/www.klan-d.net\/?p=790#respond"]}]},{"@type":"WebPage","@id":"https:\/\/www.klan-d.net\/?p=790","url":"https:\/\/www.klan-d.net\/?p=790","name":"Retour du Mac Baret Show le 28 juin ! &#8226; Radio Klan-D","isPartOf":{"@id":"https:\/\/www.klan-d.net\/#website"},"primaryImageOfPage":{"@id":"https:\/\/www.klan-d.net\/?p=790#primaryimage"},"image":{"@id":"https:\/\/www.klan-d.net\/?p=790#primaryimage"},"thumbnailUrl":"https:\/\/www.klan-d.net\/wp-content\/uploads\/new-new-new-logo.png","datePublished":"2018-06-24T00:56:05+00:00","description":"Long Story Short ? Le Mac Baret Show reprend en mode deter le 28 juin ! Old school, vannes de merde, on reprend la bonne formule !","breadcrumb":{"@id":"https:\/\/www.klan-d.net\/?p=790#breadcrumb"},"inLanguage":"fr-FR","potentialAction":[{"@type":"ReadAction","target":["https:\/\/www.klan-d.net\/?p=790"]}]},{"@type":"ImageObject","inLanguage":"fr-FR","@id":"https:\/\/www.klan-d.net\/?p=790#primaryimage","url":"https:\/\/www.klan-d.net\/wp-content\/uploads\/new-new-new-logo.png","contentUrl":"https:\/\/www.klan-d.net\/wp-content\/uploads\/new-new-new-logo.png","width":960,"height":540,"caption":"Mac Baret Show"},{"@type":"BreadcrumbList","@id":"https:\/\/www.klan-d.net\/?p=790#breadcrumb","itemListElement":[{"@type":"ListItem","position":1,"name":"Accueil","item":"https:\/\/www.klan-d.net\/"},{"@type":"ListItem","position":2,"name":"Retour du Mac Baret Show le 28 juin !"}]},{"@type":"WebSite","@id":"https:\/\/www.klan-d.net\/#website","url":"https:\/\/www.klan-d.net\/","name":"Radio Klan-D","description":"Webradio clandestine et ind\u00e9, partout, du old school hip hop, du boom bap et des vannes pourries !","publisher":{"@id":"https:\/\/www.klan-d.net\/#organization"},"potentialAction":[{"@type":"SearchAction","target":{"@type":"EntryPoint","urlTemplate":"https:\/\/www.klan-d.net\/?s={search_term_string}"},"query-input":{"@type":"PropertyValueSpecification","valueRequired":true,"valueName":"search_term_string"}}],"inLanguage":"fr-FR"},{"@type":"Organization","@id":"https:\/\/www.klan-d.net\/#organization","name":"Radio Klan-D","url":"https:\/\/www.klan-d.net\/","logo":{"@type":"ImageObject","inLanguage":"fr-FR","@id":"https:\/\/www.klan-d.net\/#\/schema\/logo\/image\/","url":"https:\/\/www.klan-d.net\/wp-content\/uploads\/cropped-kland4.jpg","contentUrl":"https:\/\/www.klan-d.net\/wp-content\/uploads\/cropped-kland4.jpg","width":512,"height":512,"caption":"Radio Klan-D"},"image":{"@id":"https:\/\/www.klan-d.net\/#\/schema\/logo\/image\/"},"sameAs":["https:\/\/www.facebook.com\/radioclandestine\/","https:\/\/x.com\/RadioKlanD","https:\/\/www.youtube.com\/channel\/UC2QoBtfYHnl9oWoPlvmaAEg"]},{"@type":"Person","@id":"https:\/\/www.klan-d.net\/#\/schema\/person\/ec336646ad6eca0b5f6bae6e85a97fd0","name":"Mac Baret","image":{"@type":"ImageObject","inLanguage":"fr-FR","@id":"https:\/\/secure.gravatar.com\/avatar\/40f4aaf159e3ea5f157570b02f9bd61829178716bbbda44bf474d6db4d51d81d?s=96&d=retro&r=x","url":"https:\/\/secure.gravatar.com\/avatar\/40f4aaf159e3ea5f157570b02f9bd61829178716bbbda44bf474d6db4d51d81d?s=96&d=retro&r=x","contentUrl":"https:\/\/secure.gravatar.com\/avatar\/40f4aaf159e3ea5f157570b02f9bd61829178716bbbda44bf474d6db4d51d81d?s=96&d=retro&r=x","caption":"Mac Baret"},"sameAs":["https:\/\/www.klan-d.net","https:\/\/www.facebook.com\/bob.macbaret"],"url":"https:\/\/www.klan-d.net\/?author=1"}]}},"_links":{"self":[{"href":"https:\/\/www.klan-d.net\/index.php?rest_route=\/wp\/v2\/posts\/790","targetHints":{"allow":["GET"]}}],"collection":[{"href":"https:\/\/www.klan-d.net\/index.php?rest_route=\/wp\/v2\/posts"}],"about":[{"href":"https:\/\/www.klan-d.net\/index.php?rest_route=\/wp\/v2\/types\/post"}],"author":[{"embeddable":true,"href":"https:\/\/www.klan-d.net\/index.php?rest_route=\/wp\/v2\/users\/1"}],"replies":[{"embeddable":true,"href":"https:\/\/www.klan-d.net\/index.php?rest_route=%2Fwp%2Fv2%2Fcomments&post=790"}],"version-history":[{"count":0,"href":"https:\/\/www.klan-d.net\/index.php?rest_route=\/wp\/v2\/posts\/790\/revisions"}],"wp:featuredmedia":[{"embeddable":true,"href":"https:\/\/www.klan-d.net\/index.php?rest_route=\/wp\/v2\/media\/243"}],"wp:attachment":[{"href":"https:\/\/www.klan-d.net\/index.php?rest_route=%2Fwp%2Fv2%2Fmedia&parent=790"}],"wp:term":[{"taxonomy":"category","embeddable":true,"href":"https:\/\/www.klan-d.net\/index.php?rest_route=%2Fwp%2Fv2%2Fcategories&post=790"},{"taxonomy":"post_tag","embeddable":true,"href":"https:\/\/www.klan-d.net\/index.php?rest_route=%2Fwp%2Fv2%2Ftags&post=790"}],"curies":[{"name":"wp","href":"https:\/\/api.w.org\/{rel}","templated":true}]}}