{"id":193,"date":"2017-01-18T13:13:34","date_gmt":"2017-01-18T12:13:34","guid":{"rendered":"http:\/\/www.klan-d.net\/?p=193"},"modified":"2017-04-25T12:18:53","modified_gmt":"2017-04-25T10:18:53","slug":"carte-blanche-a-petit-pierre-27-janvier","status":"publish","type":"post","link":"https:\/\/www.klan-d.net\/?p=193","title":{"rendered":"Carte blanche \u00e0&#8230; Petit Pierre le 27 Janvier"},"content":{"rendered":"<h2 style=\"text-align: center;\">27 Janvier, pr\u00e9viens tes voisins&#8230; CARTE BLANCHE !<\/h2>\n<p style=\"text-align: center;\">\n<h2 style=\"text-align: center;\">\u00a0<img loading=\"lazy\" decoding=\"async\" class=\"aligncenter wp-image-231 size-medium\" src=\"https:\/\/www.klan-d.net\/wp-content\/uploads\/pp-150bpm-300x126.jpg\" alt=\"Carte blanche \u00e0... Petit Pierre le 27 Janvier\" width=\"300\" height=\"126\" srcset=\"https:\/\/www.klan-d.net\/wp-content\/uploads\/pp-150bpm-300x126.jpg 300w, https:\/\/www.klan-d.net\/wp-content\/uploads\/pp-150bpm-250x105.jpg 250w, https:\/\/www.klan-d.net\/wp-content\/uploads\/pp-150bpm-150x63.jpg 150w, https:\/\/www.klan-d.net\/wp-content\/uploads\/pp-150bpm.jpg 477w\" sizes=\"auto, (max-width: 300px) 100vw, 300px\" \/><\/h2>\n<p>Vendredi 27 janvier, \u00e0 partir de 20H, Carte Blanche \u00e0 Petit Pierre qui prendra le contr\u00f4le de Radio Klan-D pour pousser votre rythme cardiaque \u00e0 150 BPM.<\/p>\n<p>Au programme, de la teck bien vener, des discussions absolument pas correctes politiquement, genre m\u00eame pas orthodoxes et tout.<\/p>\n<p>Ainsi que la diffusion de son album, 150BPM.<\/p>\n<p>Attention, c&rsquo;est le genre d&rsquo;\u00e9mission, on sait quand \u00e7a commence, on sait pas quand \u00e7a termine. Soyez derri\u00e8re vos ghetto blasters vendredi 27, avec Petit Pierre on va tout p\u00e9ter.<\/p>\n<p>Notez qu&rsquo;il est fort probable que la ligne t\u00e9l\u00e9phonique Klan-D soit en service ce jour-l\u00e0, du coup, si vous souhaitez intervenir en direct, h\u00e9sitez pas \u00e0 nous passer un coup de fil ! Le num\u00e9ro sera mis en ligne une demi-heure avant que l&rsquo;on prenne l&rsquo;antenne.<\/p>\n<p>Lien vers l&rsquo;event Facebook : <span style=\"color: #ff0000;\"><a style=\"color: #ff0000;\" href=\"https:\/\/www.facebook.com\/events\/1713927345588231\/\">https:\/\/www.facebook.com\/events\/1713927345588231\/<\/a><\/span><\/p>\n","protected":false},"excerpt":{"rendered":"<p>27 Janvier, pr\u00e9viens tes voisins&#8230; CARTE BLANCHE ! \u00a0 Vendredi 27 janvier, \u00e0 partir de 20H, Carte Blanche \u00e0 Petit Pierre qui prendra le contr\u00f4le de Radio Klan-D pour pousser votre rythme cardiaque \u00e0&#46;&#46;&#46;<\/p>\n","protected":false},"author":1,"featured_media":231,"comment_status":"open","ping_status":"open","sticky":false,"template":"","format":"standard","meta":{"footnotes":""},"categories":[9,5],"tags":[],"class_list":["post-193","post","type-post","status-publish","format-standard","has-post-thumbnail","hentry","category-carteblanche","category-emissions"],"yoast_head":"<!-- This site is optimized with the Yoast SEO plugin v27.4 - https:\/\/yoast.com\/product\/yoast-seo-wordpress\/ -->\n<title>Carte blanche \u00e0... Petit Pierre le 27 Janvier &#8226; Radio Klan-D<\/title>\n<meta name=\"description\" content=\"Vendredi 27 janvier, \u00e0 partir de 20H, Carte Blanche \u00e0 Petit Pierre qui prendra le contr\u00f4le de Radio Klan-D pour pousser votre rythme cardiaque \u00e0 150 BPM.\" \/>\n<meta name=\"robots\" content=\"index, follow, max-snippet:-1, max-image-preview:large, max-video-preview:-1\" \/>\n<link rel=\"canonical\" href=\"https:\/\/www.klan-d.net\/?p=193\" \/>\n<meta property=\"og:locale\" content=\"fr_FR\" \/>\n<meta property=\"og:type\" content=\"article\" \/>\n<meta property=\"og:title\" content=\"Carte blanche \u00e0... Petit Pierre\" \/>\n<meta property=\"og:description\" content=\"Vendredi 27, on va faire p\u00e9ter votre palpitant \u00e0 150 BPM ! Petit Pierre prend le contr\u00f4le de Radio Klan-D pour du bla bla politiquement incorrect, des vannes de ouf, du la tech bien deter, et surtout, pr\u00e9senter son album 150 BPM. Pr\u00e9parez vos pilules pour le coeur, on sait quand on commencera, on sait pas quand \u00e7a finira !\" \/>\n<meta property=\"og:url\" content=\"https:\/\/www.klan-d.net\/?p=193\" \/>\n<meta property=\"og:site_name\" content=\"Radio Klan-D\" \/>\n<meta property=\"article:publisher\" content=\"https:\/\/www.facebook.com\/radioclandestine\/\" \/>\n<meta property=\"article:author\" content=\"https:\/\/www.facebook.com\/bob.macbaret\" \/>\n<meta property=\"article:published_time\" content=\"2017-01-18T12:13:34+00:00\" \/>\n<meta property=\"article:modified_time\" content=\"2017-04-25T10:18:53+00:00\" \/>\n<meta property=\"og:image\" content=\"https:\/\/www.klan-d.net\/wp-content\/uploads\/pp-150bpm.jpg\" \/>\n\t<meta property=\"og:image:width\" content=\"477\" \/>\n\t<meta property=\"og:image:height\" content=\"200\" \/>\n\t<meta property=\"og:image:type\" content=\"image\/jpeg\" \/>\n<meta name=\"author\" content=\"Mac Baret\" \/>\n<meta name=\"twitter:card\" content=\"summary_large_image\" \/>\n<meta name=\"twitter:creator\" content=\"@RadioKlanD\" \/>\n<meta name=\"twitter:site\" content=\"@RadioKlanD\" \/>\n<meta name=\"twitter:label1\" content=\"\u00c9crit par\" \/>\n\t<meta name=\"twitter:data1\" content=\"Mac Baret\" \/>\n\t<meta name=\"twitter:label2\" content=\"Dur\u00e9e de lecture estim\u00e9e\" \/>\n\t<meta name=\"twitter:data2\" content=\"1 minute\" \/>\n<script type=\"application\/ld+json\" class=\"yoast-schema-graph\">{\"@context\":\"https:\\\/\\\/schema.org\",\"@graph\":[{\"@type\":\"Article\",\"@id\":\"https:\\\/\\\/www.klan-d.net\\\/?p=193#article\",\"isPartOf\":{\"@id\":\"https:\\\/\\\/www.klan-d.net\\\/?p=193\"},\"author\":{\"name\":\"Mac Baret\",\"@id\":\"https:\\\/\\\/www.klan-d.net\\\/#\\\/schema\\\/person\\\/ec336646ad6eca0b5f6bae6e85a97fd0\"},\"headline\":\"Carte blanche \u00e0&#8230; Petit Pierre le 27 Janvier\",\"datePublished\":\"2017-01-18T12:13:34+00:00\",\"dateModified\":\"2017-04-25T10:18:53+00:00\",\"mainEntityOfPage\":{\"@id\":\"https:\\\/\\\/www.klan-d.net\\\/?p=193\"},\"wordCount\":158,\"commentCount\":0,\"publisher\":{\"@id\":\"https:\\\/\\\/www.klan-d.net\\\/#organization\"},\"image\":{\"@id\":\"https:\\\/\\\/www.klan-d.net\\\/?p=193#primaryimage\"},\"thumbnailUrl\":\"https:\\\/\\\/www.klan-d.net\\\/wp-content\\\/uploads\\\/pp-150bpm.jpg\",\"articleSection\":[\"Carte Blanche \u00e0...\",\"Emissions\"],\"inLanguage\":\"fr-FR\",\"potentialAction\":[{\"@type\":\"CommentAction\",\"name\":\"Comment\",\"target\":[\"https:\\\/\\\/www.klan-d.net\\\/?p=193#respond\"]}]},{\"@type\":\"WebPage\",\"@id\":\"https:\\\/\\\/www.klan-d.net\\\/?p=193\",\"url\":\"https:\\\/\\\/www.klan-d.net\\\/?p=193\",\"name\":\"Carte blanche \u00e0... Petit Pierre le 27 Janvier &#8226; Radio Klan-D\",\"isPartOf\":{\"@id\":\"https:\\\/\\\/www.klan-d.net\\\/#website\"},\"primaryImageOfPage\":{\"@id\":\"https:\\\/\\\/www.klan-d.net\\\/?p=193#primaryimage\"},\"image\":{\"@id\":\"https:\\\/\\\/www.klan-d.net\\\/?p=193#primaryimage\"},\"thumbnailUrl\":\"https:\\\/\\\/www.klan-d.net\\\/wp-content\\\/uploads\\\/pp-150bpm.jpg\",\"datePublished\":\"2017-01-18T12:13:34+00:00\",\"dateModified\":\"2017-04-25T10:18:53+00:00\",\"description\":\"Vendredi 27 janvier, \u00e0 partir de 20H, Carte Blanche \u00e0 Petit Pierre qui prendra le contr\u00f4le de Radio Klan-D pour pousser votre rythme cardiaque \u00e0 150 BPM.\",\"breadcrumb\":{\"@id\":\"https:\\\/\\\/www.klan-d.net\\\/?p=193#breadcrumb\"},\"inLanguage\":\"fr-FR\",\"potentialAction\":[{\"@type\":\"ReadAction\",\"target\":[\"https:\\\/\\\/www.klan-d.net\\\/?p=193\"]}]},{\"@type\":\"ImageObject\",\"inLanguage\":\"fr-FR\",\"@id\":\"https:\\\/\\\/www.klan-d.net\\\/?p=193#primaryimage\",\"url\":\"https:\\\/\\\/www.klan-d.net\\\/wp-content\\\/uploads\\\/pp-150bpm.jpg\",\"contentUrl\":\"https:\\\/\\\/www.klan-d.net\\\/wp-content\\\/uploads\\\/pp-150bpm.jpg\",\"width\":477,\"height\":200},{\"@type\":\"BreadcrumbList\",\"@id\":\"https:\\\/\\\/www.klan-d.net\\\/?p=193#breadcrumb\",\"itemListElement\":[{\"@type\":\"ListItem\",\"position\":1,\"name\":\"Accueil\",\"item\":\"https:\\\/\\\/www.klan-d.net\\\/\"},{\"@type\":\"ListItem\",\"position\":2,\"name\":\"Carte blanche \u00e0&#8230; Petit Pierre le 27 Janvier\"}]},{\"@type\":\"WebSite\",\"@id\":\"https:\\\/\\\/www.klan-d.net\\\/#website\",\"url\":\"https:\\\/\\\/www.klan-d.net\\\/\",\"name\":\"Radio Klan-D\",\"description\":\"Webradio clandestine et ind\u00e9, partout, du old school hip hop, du boom bap et des vannes pourries !\",\"publisher\":{\"@id\":\"https:\\\/\\\/www.klan-d.net\\\/#organization\"},\"potentialAction\":[{\"@type\":\"SearchAction\",\"target\":{\"@type\":\"EntryPoint\",\"urlTemplate\":\"https:\\\/\\\/www.klan-d.net\\\/?s={search_term_string}\"},\"query-input\":{\"@type\":\"PropertyValueSpecification\",\"valueRequired\":true,\"valueName\":\"search_term_string\"}}],\"inLanguage\":\"fr-FR\"},{\"@type\":\"Organization\",\"@id\":\"https:\\\/\\\/www.klan-d.net\\\/#organization\",\"name\":\"Radio Klan-D\",\"url\":\"https:\\\/\\\/www.klan-d.net\\\/\",\"logo\":{\"@type\":\"ImageObject\",\"inLanguage\":\"fr-FR\",\"@id\":\"https:\\\/\\\/www.klan-d.net\\\/#\\\/schema\\\/logo\\\/image\\\/\",\"url\":\"https:\\\/\\\/www.klan-d.net\\\/wp-content\\\/uploads\\\/cropped-kland4.jpg\",\"contentUrl\":\"https:\\\/\\\/www.klan-d.net\\\/wp-content\\\/uploads\\\/cropped-kland4.jpg\",\"width\":512,\"height\":512,\"caption\":\"Radio Klan-D\"},\"image\":{\"@id\":\"https:\\\/\\\/www.klan-d.net\\\/#\\\/schema\\\/logo\\\/image\\\/\"},\"sameAs\":[\"https:\\\/\\\/www.facebook.com\\\/radioclandestine\\\/\",\"https:\\\/\\\/x.com\\\/RadioKlanD\",\"https:\\\/\\\/www.youtube.com\\\/channel\\\/UC2QoBtfYHnl9oWoPlvmaAEg\"]},{\"@type\":\"Person\",\"@id\":\"https:\\\/\\\/www.klan-d.net\\\/#\\\/schema\\\/person\\\/ec336646ad6eca0b5f6bae6e85a97fd0\",\"name\":\"Mac Baret\",\"image\":{\"@type\":\"ImageObject\",\"inLanguage\":\"fr-FR\",\"@id\":\"https:\\\/\\\/secure.gravatar.com\\\/avatar\\\/40f4aaf159e3ea5f157570b02f9bd61829178716bbbda44bf474d6db4d51d81d?s=96&d=retro&r=x\",\"url\":\"https:\\\/\\\/secure.gravatar.com\\\/avatar\\\/40f4aaf159e3ea5f157570b02f9bd61829178716bbbda44bf474d6db4d51d81d?s=96&d=retro&r=x\",\"contentUrl\":\"https:\\\/\\\/secure.gravatar.com\\\/avatar\\\/40f4aaf159e3ea5f157570b02f9bd61829178716bbbda44bf474d6db4d51d81d?s=96&d=retro&r=x\",\"caption\":\"Mac Baret\"},\"sameAs\":[\"https:\\\/\\\/www.klan-d.net\",\"https:\\\/\\\/www.facebook.com\\\/bob.macbaret\"],\"url\":\"https:\\\/\\\/www.klan-d.net\\\/?author=1\"}]}<\/script>\n<!-- \/ Yoast SEO plugin. -->","yoast_head_json":{"title":"Carte blanche \u00e0... Petit Pierre le 27 Janvier &#8226; Radio Klan-D","description":"Vendredi 27 janvier, \u00e0 partir de 20H, Carte Blanche \u00e0 Petit Pierre qui prendra le contr\u00f4le de Radio Klan-D pour pousser votre rythme cardiaque \u00e0 150 BPM.","robots":{"index":"index","follow":"follow","max-snippet":"max-snippet:-1","max-image-preview":"max-image-preview:large","max-video-preview":"max-video-preview:-1"},"canonical":"https:\/\/www.klan-d.net\/?p=193","og_locale":"fr_FR","og_type":"article","og_title":"Carte blanche \u00e0... Petit Pierre","og_description":"Vendredi 27, on va faire p\u00e9ter votre palpitant \u00e0 150 BPM ! Petit Pierre prend le contr\u00f4le de Radio Klan-D pour du bla bla politiquement incorrect, des vannes de ouf, du la tech bien deter, et surtout, pr\u00e9senter son album 150 BPM. Pr\u00e9parez vos pilules pour le coeur, on sait quand on commencera, on sait pas quand \u00e7a finira !","og_url":"https:\/\/www.klan-d.net\/?p=193","og_site_name":"Radio Klan-D","article_publisher":"https:\/\/www.facebook.com\/radioclandestine\/","article_author":"https:\/\/www.facebook.com\/bob.macbaret","article_published_time":"2017-01-18T12:13:34+00:00","article_modified_time":"2017-04-25T10:18:53+00:00","og_image":[{"width":477,"height":200,"url":"https:\/\/www.klan-d.net\/wp-content\/uploads\/pp-150bpm.jpg","type":"image\/jpeg"}],"author":"Mac Baret","twitter_card":"summary_large_image","twitter_creator":"@RadioKlanD","twitter_site":"@RadioKlanD","twitter_misc":{"\u00c9crit par":"Mac Baret","Dur\u00e9e de lecture estim\u00e9e":"1 minute"},"schema":{"@context":"https:\/\/schema.org","@graph":[{"@type":"Article","@id":"https:\/\/www.klan-d.net\/?p=193#article","isPartOf":{"@id":"https:\/\/www.klan-d.net\/?p=193"},"author":{"name":"Mac Baret","@id":"https:\/\/www.klan-d.net\/#\/schema\/person\/ec336646ad6eca0b5f6bae6e85a97fd0"},"headline":"Carte blanche \u00e0&#8230; Petit Pierre le 27 Janvier","datePublished":"2017-01-18T12:13:34+00:00","dateModified":"2017-04-25T10:18:53+00:00","mainEntityOfPage":{"@id":"https:\/\/www.klan-d.net\/?p=193"},"wordCount":158,"commentCount":0,"publisher":{"@id":"https:\/\/www.klan-d.net\/#organization"},"image":{"@id":"https:\/\/www.klan-d.net\/?p=193#primaryimage"},"thumbnailUrl":"https:\/\/www.klan-d.net\/wp-content\/uploads\/pp-150bpm.jpg","articleSection":["Carte Blanche \u00e0...","Emissions"],"inLanguage":"fr-FR","potentialAction":[{"@type":"CommentAction","name":"Comment","target":["https:\/\/www.klan-d.net\/?p=193#respond"]}]},{"@type":"WebPage","@id":"https:\/\/www.klan-d.net\/?p=193","url":"https:\/\/www.klan-d.net\/?p=193","name":"Carte blanche \u00e0... Petit Pierre le 27 Janvier &#8226; Radio Klan-D","isPartOf":{"@id":"https:\/\/www.klan-d.net\/#website"},"primaryImageOfPage":{"@id":"https:\/\/www.klan-d.net\/?p=193#primaryimage"},"image":{"@id":"https:\/\/www.klan-d.net\/?p=193#primaryimage"},"thumbnailUrl":"https:\/\/www.klan-d.net\/wp-content\/uploads\/pp-150bpm.jpg","datePublished":"2017-01-18T12:13:34+00:00","dateModified":"2017-04-25T10:18:53+00:00","description":"Vendredi 27 janvier, \u00e0 partir de 20H, Carte Blanche \u00e0 Petit Pierre qui prendra le contr\u00f4le de Radio Klan-D pour pousser votre rythme cardiaque \u00e0 150 BPM.","breadcrumb":{"@id":"https:\/\/www.klan-d.net\/?p=193#breadcrumb"},"inLanguage":"fr-FR","potentialAction":[{"@type":"ReadAction","target":["https:\/\/www.klan-d.net\/?p=193"]}]},{"@type":"ImageObject","inLanguage":"fr-FR","@id":"https:\/\/www.klan-d.net\/?p=193#primaryimage","url":"https:\/\/www.klan-d.net\/wp-content\/uploads\/pp-150bpm.jpg","contentUrl":"https:\/\/www.klan-d.net\/wp-content\/uploads\/pp-150bpm.jpg","width":477,"height":200},{"@type":"BreadcrumbList","@id":"https:\/\/www.klan-d.net\/?p=193#breadcrumb","itemListElement":[{"@type":"ListItem","position":1,"name":"Accueil","item":"https:\/\/www.klan-d.net\/"},{"@type":"ListItem","position":2,"name":"Carte blanche \u00e0&#8230; Petit Pierre le 27 Janvier"}]},{"@type":"WebSite","@id":"https:\/\/www.klan-d.net\/#website","url":"https:\/\/www.klan-d.net\/","name":"Radio Klan-D","description":"Webradio clandestine et ind\u00e9, partout, du old school hip hop, du boom bap et des vannes pourries !","publisher":{"@id":"https:\/\/www.klan-d.net\/#organization"},"potentialAction":[{"@type":"SearchAction","target":{"@type":"EntryPoint","urlTemplate":"https:\/\/www.klan-d.net\/?s={search_term_string}"},"query-input":{"@type":"PropertyValueSpecification","valueRequired":true,"valueName":"search_term_string"}}],"inLanguage":"fr-FR"},{"@type":"Organization","@id":"https:\/\/www.klan-d.net\/#organization","name":"Radio Klan-D","url":"https:\/\/www.klan-d.net\/","logo":{"@type":"ImageObject","inLanguage":"fr-FR","@id":"https:\/\/www.klan-d.net\/#\/schema\/logo\/image\/","url":"https:\/\/www.klan-d.net\/wp-content\/uploads\/cropped-kland4.jpg","contentUrl":"https:\/\/www.klan-d.net\/wp-content\/uploads\/cropped-kland4.jpg","width":512,"height":512,"caption":"Radio Klan-D"},"image":{"@id":"https:\/\/www.klan-d.net\/#\/schema\/logo\/image\/"},"sameAs":["https:\/\/www.facebook.com\/radioclandestine\/","https:\/\/x.com\/RadioKlanD","https:\/\/www.youtube.com\/channel\/UC2QoBtfYHnl9oWoPlvmaAEg"]},{"@type":"Person","@id":"https:\/\/www.klan-d.net\/#\/schema\/person\/ec336646ad6eca0b5f6bae6e85a97fd0","name":"Mac Baret","image":{"@type":"ImageObject","inLanguage":"fr-FR","@id":"https:\/\/secure.gravatar.com\/avatar\/40f4aaf159e3ea5f157570b02f9bd61829178716bbbda44bf474d6db4d51d81d?s=96&d=retro&r=x","url":"https:\/\/secure.gravatar.com\/avatar\/40f4aaf159e3ea5f157570b02f9bd61829178716bbbda44bf474d6db4d51d81d?s=96&d=retro&r=x","contentUrl":"https:\/\/secure.gravatar.com\/avatar\/40f4aaf159e3ea5f157570b02f9bd61829178716bbbda44bf474d6db4d51d81d?s=96&d=retro&r=x","caption":"Mac Baret"},"sameAs":["https:\/\/www.klan-d.net","https:\/\/www.facebook.com\/bob.macbaret"],"url":"https:\/\/www.klan-d.net\/?author=1"}]}},"_links":{"self":[{"href":"https:\/\/www.klan-d.net\/index.php?rest_route=\/wp\/v2\/posts\/193","targetHints":{"allow":["GET"]}}],"collection":[{"href":"https:\/\/www.klan-d.net\/index.php?rest_route=\/wp\/v2\/posts"}],"about":[{"href":"https:\/\/www.klan-d.net\/index.php?rest_route=\/wp\/v2\/types\/post"}],"author":[{"embeddable":true,"href":"https:\/\/www.klan-d.net\/index.php?rest_route=\/wp\/v2\/users\/1"}],"replies":[{"embeddable":true,"href":"https:\/\/www.klan-d.net\/index.php?rest_route=%2Fwp%2Fv2%2Fcomments&post=193"}],"version-history":[{"count":0,"href":"https:\/\/www.klan-d.net\/index.php?rest_route=\/wp\/v2\/posts\/193\/revisions"}],"wp:featuredmedia":[{"embeddable":true,"href":"https:\/\/www.klan-d.net\/index.php?rest_route=\/wp\/v2\/media\/231"}],"wp:attachment":[{"href":"https:\/\/www.klan-d.net\/index.php?rest_route=%2Fwp%2Fv2%2Fmedia&parent=193"}],"wp:term":[{"taxonomy":"category","embeddable":true,"href":"https:\/\/www.klan-d.net\/index.php?rest_route=%2Fwp%2Fv2%2Fcategories&post=193"},{"taxonomy":"post_tag","embeddable":true,"href":"https:\/\/www.klan-d.net\/index.php?rest_route=%2Fwp%2Fv2%2Ftags&post=193"}],"curies":[{"name":"wp","href":"https:\/\/api.w.org\/{rel}","templated":true}]}}